{"id":116,"date":"2025-12-02T17:26:29","date_gmt":"2025-12-02T17:26:29","guid":{"rendered":"https:\/\/www.bvtaipas.com\/site\/?p=116"},"modified":"2025-12-04T17:00:15","modified_gmt":"2025-12-04T17:00:15","slug":"convocatoria-da-assembleia-geral-eleitoral-13-12-2025","status":"publish","type":"post","link":"https:\/\/www.bvtaipas.com\/site\/convocatoria-da-assembleia-geral-eleitoral-13-12-2025\/","title":{"rendered":"Convocat\u00f3ria da Assembleia Geral Eleitoral \u2013 13\/12\/2025"},"content":{"rendered":"\n<p>Convoca-se a Assembleia Geral Eleitoral da Associa\u00e7\u00e3o Humanit\u00e1ria dos Bombeiros Volunt\u00e1rios das Caldas das Taipas, a realizar-se no Sal\u00e3o Nobre da Institui\u00e7\u00e3o no pr\u00f3ximo dia 13 de dezembro de 2025, entre as 10h00 e as 17h00, destinada \u00e0 elei\u00e7\u00e3o dos \u00f3rg\u00e3os sociais para o tri\u00e9nio de 2026-2028, assegurando o cumprimento dos procedimentos formais e a regular renova\u00e7\u00e3o dos seus corpos diretivos.<\/p>\n\n\n\n<div style=\"height:16px\" aria-hidden=\"true\" class=\"wp-block-spacer\"><\/div>\n\n\n\n<p>Convocat\u00f3ria:<\/p>\n\n\n\n<p><a href=\"https:\/\/www.bvtaipas.com\/site\/wp-content\/uploads\/2025\/12\/Convocatoria-A.G.-Ordinaria-Eleitoral-13.12.2025.pdf\" target=\"_blank\" rel=\"noreferrer noopener\">https:\/\/www.bvtaipas.com\/site\/wp-content\/uploads\/2025\/12\/Convocatoria-A.G.-Ordinaria-Eleitoral-13.12.2025.pdf<\/a><\/p>\n","protected":false},"excerpt":{"rendered":"<p>Convoca-se a Assembleia Geral Eleitoral da Associa\u00e7\u00e3o Humanit\u00e1ria dos Bombeiros Volunt\u00e1rios das Caldas das Taipas, a realizar-se no Sal\u00e3o Nobre da Institui\u00e7\u00e3o no pr\u00f3ximo dia 13 de dezembro de 2025, entre as 10h00 e as 17h00, destinada \u00e0 elei\u00e7\u00e3o dos \u00f3rg\u00e3os sociais para o tri\u00e9nio de 2026-2028, assegurando o cumprimento dos procedimentos formais e a [&hellip;]<\/p>\n","protected":false},"author":2,"featured_media":406,"comment_status":"closed","ping_status":"open","sticky":false,"template":"","format":"standard","meta":{"_acf_changed":false,"footnotes":""},"categories":[19],"tags":[],"class_list":["post-116","post","type-post","status-publish","format-standard","has-post-thumbnail","hentry","category-comunicados"],"acf":[],"_links":{"self":[{"href":"https:\/\/www.bvtaipas.com\/site\/wp-json\/wp\/v2\/posts\/116","targetHints":{"allow":["GET"]}}],"collection":[{"href":"https:\/\/www.bvtaipas.com\/site\/wp-json\/wp\/v2\/posts"}],"about":[{"href":"https:\/\/www.bvtaipas.com\/site\/wp-json\/wp\/v2\/types\/post"}],"author":[{"embeddable":true,"href":"https:\/\/www.bvtaipas.com\/site\/wp-json\/wp\/v2\/users\/2"}],"replies":[{"embeddable":true,"href":"https:\/\/www.bvtaipas.com\/site\/wp-json\/wp\/v2\/comments?post=116"}],"version-history":[{"count":3,"href":"https:\/\/www.bvtaipas.com\/site\/wp-json\/wp\/v2\/posts\/116\/revisions"}],"predecessor-version":[{"id":657,"href":"https:\/\/www.bvtaipas.com\/site\/wp-json\/wp\/v2\/posts\/116\/revisions\/657"}],"wp:featuredmedia":[{"embeddable":true,"href":"https:\/\/www.bvtaipas.com\/site\/wp-json\/wp\/v2\/media\/406"}],"wp:attachment":[{"href":"https:\/\/www.bvtaipas.com\/site\/wp-json\/wp\/v2\/media?parent=116"}],"wp:term":[{"taxonomy":"category","embeddable":true,"href":"https:\/\/www.bvtaipas.com\/site\/wp-json\/wp\/v2\/categories?post=116"},{"taxonomy":"post_tag","embeddable":true,"href":"https:\/\/www.bvtaipas.com\/site\/wp-json\/wp\/v2\/tags?post=116"}],"curies":[{"name":"wp","href":"https:\/\/api.w.org\/{rel}","templated":true}]}}